{"id":22934,"date":"2026-04-27T17:05:34","date_gmt":"2026-04-27T13:05:34","guid":{"rendered":"https:\/\/duzgun.az\/?p=22934"},"modified":"2026-04-27T17:28:37","modified_gmt":"2026-04-27T13:28:37","slug":"ilham-eliyev-v%c9%99-andrey-babis-m%c9%99tbuata-b%c9%99yanatlarla-cixis-etdil%c9%99r-fotolar-yenil%c9%99nib","status":"publish","type":"post","link":"https:\/\/duzgun.az\/?p=22934","title":{"rendered":"\u0130lham \u018fliyev v\u0259 Andrey Babi\u015f m\u0259tbuata b\u0259yanatlarla \u00e7\u0131x\u0131\u015f etdil\u0259r &#8211; Fotolar &#8211; Yenil\u0259nib"},"content":{"rendered":"<p><span style=\"font-size: 14pt; font-family: arial, helvetica, sans-serif;\"><strong>D\u00fczg\u00fcn.az x\u0259b\u0259r verir ki, <\/strong>Az\u0259rbaycan Prezidenti \u0130lham \u018fliyev v\u0259 \u00c7ex Respublikas\u0131n\u0131n Ba\u015f naziri Andrey Babi\u015f m\u0259tbuata b\u0259yanatlarla \u00e7\u0131x\u0131\u015f edibl\u0259r.<\/span><\/p>\n<p><span style=\"font-size: 14pt; font-family: arial, helvetica, sans-serif;\">Bu bar\u0259d\u0259 Prezidentin M\u0259tbuat Xidm\u0259ti m\u0259lumat yay\u0131b.<\/span><\/p>\n<p><span style=\"font-size: 14pt; font-family: arial, helvetica, sans-serif;\">***<\/span><\/p>\n<p><span style=\"font-size: 14pt; font-family: arial, helvetica, sans-serif;\">\u018fvv\u0259lc\u0259 Az\u0259rbaycan Prezidenti b\u0259yanatla \u00e7\u0131x\u0131\u015f edib.<\/span><\/p>\n<p><span style=\"font-size: 14pt; font-family: arial, helvetica, sans-serif;\"><strong>Prezident \u0130lham \u018fliyevin\u00a0b\u0259yanat\u0131<\/strong><\/span><\/p>\n<p><span style=\"font-size: 14pt; font-family: arial, helvetica, sans-serif;\">&#8211; H\u00f6rm\u0259tli c\u0259nab Ba\u015f nazir.<\/span><\/p>\n<p><span style=\"font-size: 14pt; font-family: arial, helvetica, sans-serif;\">H\u00f6rm\u0259tli qonaqlar, xan\u0131mlar v\u0259 c\u0259nablar.<\/span><\/p>\n<p><span style=\"font-size: 14pt; font-family: arial, helvetica, sans-serif;\">Sizi s\u0259mimiyy\u0259tl\u0259 salamlay\u0131ram.<\/span><\/p>\n<p><span style=\"font-size: 14pt; font-family: arial, helvetica, sans-serif;\">M\u0259n \u00e7ox \u015fadam ki, c\u0259nab Ba\u015f nazir bu g\u00fcn bizim qona\u011f\u0131m\u0131zd\u0131r. Biz \u00fc\u00e7 ay bundan \u0259vv\u0259l Davosda g\u00f6r\u00fc\u015fm\u00fc\u015f\u00fck. Bu, bizim birinci g\u00f6r\u00fc\u015f\u00fcm\u00fcz olmu\u015fdur v\u0259 g\u00f6r\u00fc\u015f \u00e7ox m\u0259hsuldar ke\u00e7mi\u015fdir, bir \u00e7ox m\u0259s\u0259l\u0259l\u0259r \u0259traf\u0131nda fikir m\u00fcbadil\u0259si apard\u0131q. M\u0259n c\u0259nab Ba\u015f naziri Az\u0259rbaycana r\u0259smi s\u0259f\u0259r\u0259 d\u0259v\u0259t etmi\u015f\u0259m v\u0259 \u015fadam ki, bu g\u00fcn c\u0259nab Ba\u015f nazir bu s\u0259f\u0259ri Az\u0259rbaycana h\u0259yata ke\u00e7irir. Bu, iki \u00f6lk\u0259 aras\u0131ndak\u0131 \u0259laq\u0259l\u0259rin dinamik \u015f\u0259kild\u0259 inki\u015faf\u0131n\u0131 g\u00f6st\u0259rir. Bizim indi \u00e7ox f\u0259al siyasi dialoqumuz var. Bu g\u00fcn bir \u00e7ox m\u0259s\u0259l\u0259l\u0259r \u2013 h\u0259m regional, h\u0259m ikit\u0259r\u0259fli, h\u0259m d\u0259 daha qlobal xarakter da\u015f\u0131yan m\u0259s\u0259l\u0259l\u0259r \u0259traf\u0131nda fikir m\u00fcbadil\u0259si apar\u0131lm\u0131\u015fd\u0131r.<\/span><\/p>\n<p><span style=\"font-size: 14pt; font-family: arial, helvetica, sans-serif;\">\u0130qtisadi sah\u0259d\u0259 g\u00f6r\u00fcl\u0259c\u0259k i\u015fl\u0259rl\u0259 ba\u011fl\u0131 konkret t\u0259klifl\u0259r var. M\u0259n \u015fadam ki, c\u0259nab Ba\u015f nazirl\u0259 birlikd\u0259 Az\u0259rbaycana \u00c7exiyadan b\u00f6y\u00fck qrup i\u015f adamlar\u0131 g\u0259lmi\u015fdir v\u0259 bu g\u00fcn ke\u00e7iril\u0259c\u0259k biznes-forumda h\u0259m yeni t\u0259maslar qurulacaq, h\u0259m d\u0259 m\u00f6vcud layih\u0259l\u0259rl\u0259 ba\u011fl\u0131 fikir m\u00fcbadil\u0259si apar\u0131lacaq. Bizim \u00e7ox b\u00f6y\u00fck \u00fcmidimiz ondan ibar\u0259tdir ki, ticar\u0259t d\u00f6vriyy\u0259mizi daha da y\u00fcks\u0259k s\u0259viyy\u0259y\u0259 qald\u0131raq. Halbuki bu g\u00fcn d\u0259 ticar\u0259t d\u00f6vriyy\u0259miz \u0259h\u0259miyy\u0259tli d\u0259r\u0259c\u0259d\u0259 artm\u0131\u015fd\u0131r, 800 milyon dollardan \u00e7oxdur. Amma \u0259g\u0259r biz ticar\u0259t d\u00f6vriyy\u0259sinin strukturuna baxsaq g\u00f6r\u0259rik ki, burada \u0259sas\u0259n Az\u0259rbaycan neftinin ixrac\u0131 g\u00f6z\u0259 d\u0259yir. Ona g\u00f6r\u0259 biz ticar\u0259t d\u00f6vriyy\u0259sinin daha tarazl\u0131 olmas\u0131n\u0131 v\u0259 strukturun t\u0259kmill\u0259\u015fdirilm\u0259sini arzulay\u0131r\u0131q. \u00dcmid edir\u0259m ki, biz buna nail olaca\u011f\u0131q. \u00c7\u00fcnki bu g\u00fcn h\u0259m t\u0259kb\u0259t\u0259k g\u00f6r\u00fc\u015fd\u0259, h\u0259m hey\u0259tl\u0259rin i\u015ftirak\u0131 il\u0259 apard\u0131\u011f\u0131m\u0131z dan\u0131\u015f\u0131qlarda bir \u00e7ox konkret iqtisadi v\u0259 s\u0259rmay\u0259 y\u00f6n\u00fcml\u00fc layih\u0259l\u0259r m\u00fczakir\u0259 edilmi\u015fdir.<\/span><\/p>\n<p><span style=\"font-size: 14pt; font-family: arial, helvetica, sans-serif;\">T\u0259bii ki, \u0259m\u0259kda\u015fl\u0131\u011f\u0131m\u0131z\u0131n b\u00f6y\u00fck hiss\u0259si energetika sektoruna aiddir. Burada da uzun ill\u0259r \u0259rzind\u0259 \u00c7exiya v\u0259 Az\u0259rbaycan \u00e7ox etibarl\u0131 t\u0259r\u0259fda\u015flard\u0131r. Az\u0259rbaycan nefti \u00c7exiyaya ixrac edilir v\u0259 \u00c7exiyan\u0131n enerji balans\u0131nda \u00f6n\u0259mli yer tutur. Az\u0259rbaycan d\u00fcnya bazarlar\u0131na \u00f6z enerji resurslar\u0131n\u0131 ixrac ed\u0259n etibarl\u0131 \u00f6lk\u0259l\u0259r s\u0131ras\u0131ndad\u0131r. Bunu, o c\u00fcml\u0259d\u0259n Avropa \u0130ttifaq\u0131 da qeyd edir v\u0259 Az\u0259rbaycan\u0131 etibarl\u0131 t\u0259r\u0259fda\u015f kimi qiym\u0259tl\u0259ndirir. Bu g\u00fcn Az\u0259rbaycan qaz\u0131 16 \u00f6lk\u0259y\u0259 ixrac edilir v\u0259 onlardan 10 \u00f6lk\u0259 Avropa \u0130ttifaq\u0131n\u0131n \u00fczv\u00fcd\u00fcr. O c\u00fcml\u0259d\u0259n Az\u0259rbaycan \u00c7exiyaya qon\u015fu olan \u00f6lk\u0259l\u0259r\u0259 t\u0259bii qaz ixrac edir. T\u0259bii ki, bu g\u00fcn biz bu bar\u0259d\u0259 d\u0259 dan\u0131\u015fd\u0131q v\u0259 bu sah\u0259d\u0259 g\u0259l\u0259c\u0259k \u0259m\u0259kda\u015fl\u0131q haqq\u0131nda q\u0259rara g\u0259ldik. Biz buna daha geni\u015f prizmadan yana\u015f\u0131r\u0131q. Bu, sad\u0259c\u0259 olaraq, ticar\u0259t \u0259m\u0259liyyatlar\u0131, enerji resurslar\u0131n\u0131n ixrac\u0131 \u0259m\u0259liyyatlar\u0131 olmayacaq. Biz buna daha geni\u015fmiqyasl\u0131, uzunm\u00fcdd\u0259tli \u0259m\u0259kda\u015fl\u0131q kimi yana\u015f\u0131r\u0131q.<\/span><\/p>\n<p><span style=\"font-size: 14pt; font-family: arial, helvetica, sans-serif;\">Bizim \u00f6lk\u0259l\u0259rimiz aras\u0131nda dig\u0259r \u00f6n\u0259mli \u0259m\u0259kda\u015fl\u0131q sah\u0259si m\u00fcdafi\u0259 s\u0259nayesi il\u0259 ba\u011fl\u0131d\u0131r. Burada da uzun m\u00fcdd\u0259t \u0259rzind\u0259 u\u011furlu \u0259m\u0259kda\u015fl\u0131q apar\u0131l\u0131r. Biz \u00c7exiyadan bir \u00e7ox h\u0259rbi t\u0259yinatl\u0131 m\u0259hsullar al\u0131r\u0131q v\u0259 indiki m\u0259rh\u0259l\u0259d\u0259 birg\u0259 istehsalla ba\u011fl\u0131 konkret layih\u0259l\u0259r \u00fcz\u0259rind\u0259 dan\u0131\u015f\u0131qlar gedir. \u018fmin\u0259m ki, bu sah\u0259 d\u0259 \u00e7ox geni\u015fmiqyasl\u0131 olacaq. \u00c7\u00fcnki Az\u0259rbaycan \u00f6z m\u00fcdafi\u0259 potensial\u0131n\u0131, o c\u00fcml\u0259d\u0259n yerli istehsal hesab\u0131na t\u0259min edir v\u0259 g\u0259l\u0259c\u0259kd\u0259 bu sah\u0259d\u0259 b\u00f6y\u00fck t\u0259cr\u00fcb\u0259si olan \u00c7exiya kimi \u00f6lk\u0259l\u0259rl\u0259 bizim m\u00fc\u015ft\u0259r\u0259k i\u015fl\u0259rimiz x\u00fcsusi \u00f6n\u0259m da\u015f\u0131y\u0131r.<\/span><\/p>\n<p><span style=\"font-size: 14pt; font-family: arial, helvetica, sans-serif;\">Bu g\u00fcn bir \u00e7ox dig\u0259r sah\u0259l\u0259r \u0259traf\u0131nda fikir m\u00fcbadil\u0259si apar\u0131ld\u0131. H\u00f6kum\u0259tl\u0259raras\u0131 Komissiyan\u0131n tezlikl\u0259 t\u0259dbir ke\u00e7irm\u0259si, yenid\u0259n g\u00f6r\u00fc\u015fm\u0259si il\u0259 ba\u011fl\u0131 fikir m\u00fcbadil\u0259si apar\u0131lm\u0131\u015fd\u0131r. Y\u0259ni bu g\u00fcn bir daha \u00c7exiya-Az\u0259rbaycan dostlu\u011fu, \u0259m\u0259kda\u015fl\u0131\u011f\u0131 \u00f6z t\u0259sdiqini tap\u0131r v\u0259 bizim qar\u015f\u0131m\u0131zda \u00e7ox g\u00f6z\u0259l perspektivl\u0259r a\u00e7\u0131l\u0131r.<\/span><\/p>\n<p><span style=\"font-size: 14pt; font-family: arial, helvetica, sans-serif;\">C\u0259nab Ba\u015f nazir, bir daha Az\u0259rbaycana xo\u015f g\u0259lmisiniz.<\/span><\/p>\n<p><span style=\"font-size: 14pt; font-family: arial, helvetica, sans-serif;\">***<\/span><\/p>\n<p><span style=\"font-size: 14pt; font-family: arial, helvetica, sans-serif;\">Sonra \u00c7exiyan\u0131n Ba\u015f naziri b\u0259yanatla \u00e7\u0131x\u0131\u015f edib.<\/span><\/p>\n<p><span style=\"font-size: 14pt; font-family: arial, helvetica, sans-serif;\"><strong>Ba\u015f nazir Andrey Babi\u015fin b\u0259yanat\u0131<\/strong><\/span><\/p>\n<p><span style=\"font-size: 14pt; font-family: arial, helvetica, sans-serif;\">&#8211; C\u0259nab Prezident.<\/span><\/p>\n<p><span style=\"font-size: 14pt; font-family: arial, helvetica, sans-serif;\">Burada, iqam\u0259tgah\u0131n\u0131zda m\u0259ni \u00e7ox s\u0259mimiyy\u0259tl\u0259 q\u0259bul etdiyiniz\u0259 g\u00f6r\u0259 Siz\u0259 \u00e7ox minn\u0259tdaram. Bunu h\u0259qiq\u0259t\u0259n y\u00fcks\u0259k d\u0259y\u0259rl\u0259ndirir\u0259m v\u0259 m\u0259nim \u00fc\u00e7\u00fcn b\u00f6y\u00fck \u015f\u0259r\u0259fdir. \u015eadam ki, Davosdan sonra s\u00f6hb\u0259timizi davam etdiririk.<\/span><\/p>\n<p><span style=\"font-size: 14pt; font-family: arial, helvetica, sans-serif;\">Burada b\u0259yan ed\u0259 bil\u0259r\u0259m ki, Az\u0259rbaycan \u00c7ex Respublikas\u0131n\u0131n strateji t\u0259r\u0259fda\u015f\u0131d\u0131r. Buna g\u00f6r\u0259 m\u0259mnunam ki, m\u00fcnasib\u0259tl\u0259rimiz d\u0259 dostlu\u011fa s\u00f6yk\u0259nir. Ayd\u0131nd\u0131r ki, Az\u0259rbaycan d\u00fcnyan\u0131n diqq\u0259t m\u0259rk\u0259zind\u0259dir. Ukrayna Prezidenti Zelenski burada oldu, sonra Ciorcia Meloni bura s\u0259f\u0259r ed\u0259c\u0259k. Bu, sad\u0259c\u0259, g\u00f6z\u0259l \u00f6lk\u0259nizin \u0259h\u0259miyy\u0259tini bir daha n\u00fcmayi\u015f etdirir.<\/span><\/p>\n<p><span style=\"font-size: 14pt; font-family: arial, helvetica, sans-serif;\">Bu g\u00fcn ke\u00e7irdiyimiz g\u00f6r\u00fc\u015f \u00e7ox x\u00fcsusi oldu. \u018flb\u0259tt\u0259, Avropa bu g\u00fcn enerji haqq\u0131nda dan\u0131\u015f\u0131r, \u00e7\u00fcnki neftay\u0131rma zavodlar\u0131na xammal t\u0259l\u0259b olunur, m\u00fcxt\u0259lif m\u0259hsullar\u0131n istehsal\u0131 \u00fc\u00e7\u00fcn t\u0259bii qaz laz\u0131md\u0131r. Az\u0259rbaycan \u00c7ex Respublikas\u0131nda \u0259n iri neft t\u0259chizat\u00e7\u0131s\u0131d\u0131r. \u0130dxal edil\u0259n neftin 42 faizi Az\u0259rbaycandan daxil olur.<\/span><\/p>\n<p><span style=\"font-size: 14pt; font-family: arial, helvetica, sans-serif;\">C\u0259nab Prezident, biz buraya \u00c7ES adlanan yar\u0131d\u00f6vl\u0259t \u015firk\u0259timizl\u0259 g\u0259lmi\u015fik v\u0259 o, buradan qaz t\u0259chizat\u0131 il\u0259 ba\u011fl\u0131 m\u00fcqavil\u0259 imzalamaq ist\u0259yir. Siz \u0259sas\u0259n hasilat\u0131 art\u0131racaqs\u0131n\u0131z. \u00c7ES \u015firk\u0259tinin ba\u015f icra\u00e7\u0131 direktoru buradad\u0131r. O, \u0259n iri qazpaylay\u0131c\u0131 \u015firk\u0259tl\u0259rd\u0259n biri olan \u00c7ES il\u0259 qaz t\u0259chizat\u0131 haqq\u0131nda Sizinl\u0259 uzunm\u00fcdd\u0259tli m\u00fcqavil\u0259ni g\u0259l\u0259c\u0259kd\u0259 imzalasa, t\u0259bii ki, \u00e7ox m\u0259mnun olard\u0131. Bel\u0259likl\u0259, Az\u0259rbaycan neftd\u0259n \u0259lav\u0259, bu sah\u0259d\u0259 de-fakto bizim strateji t\u0259r\u0259fda\u015f\u0131m\u0131z ola bil\u0259r.<\/span><\/p>\n<p><span style=\"font-size: 14pt; font-family: arial, helvetica, sans-serif;\">\u00c7ox \u015fadam ki, Siz H\u00f6kum\u0259tl\u0259raras\u0131 Komissiyan\u0131n iclas\u0131n\u0131 ke\u00e7irm\u0259yi t\u0259klif etmisiniz v\u0259 d\u00fc\u015f\u00fcn\u00fcr\u0259m ki, Sizin t\u0259r\u0259fd\u0259n komissiyaya t\u0259yinat\u0131 art\u0131q \u00f6yr\u0259nmi\u015fik. Bizim t\u0259r\u0259fd\u0259n is\u0259 Ba\u015f nazirin birinci m\u00fcavini Karel Havli\u00e7ek olacaq v\u0259 o, dan\u0131\u015fd\u0131\u011f\u0131m\u0131z b\u00fct\u00fcn m\u0259s\u0259l\u0259l\u0259ri \u0259hat\u0259 ed\u0259c\u0259k.<\/span><\/p>\n<p><span style=\"font-size: 14pt; font-family: arial, helvetica, sans-serif;\">\u018flb\u0259tt\u0259 ki, enerji bizim \u00fc\u00e7\u00fcn olduqca vacibdir. H\u0259m\u00e7inin vacibdir ki, Avropa anlas\u0131n: onun b\u0259zi direktivl\u0259ri, \u0259slind\u0259, qeyri-Avropa t\u0259chizat\u00e7\u0131lar\u0131na z\u0259r\u0259r vurur v\u0259 Avropada yaln\u0131z iki qaz t\u0259chizat\u00e7\u0131s\u0131n\u0131n olmas\u0131 bizim \u00fc\u00e7\u00fcn yax\u015f\u0131 deyil. Bir s\u00f6zl\u0259, biz h\u0259min t\u0259chizatda maraql\u0131y\u0131q v\u0259 d\u00fc\u015f\u00fcn\u00fcr\u0259m ki, uzunm\u00fcdd\u0259tli m\u00fcqavil\u0259l\u0259ri imzalama\u011fa haz\u0131r\u0131q.<\/span><\/p>\n<p><span style=\"font-size: 14pt; font-family: arial, helvetica, sans-serif;\">\u018fn m\u00fch\u00fcm \u00c7ex \u015firk\u0259tl\u0259ri biziml\u0259dir v\u0259 b\u00fct\u00f6vl\u00fckd\u0259 n\u00fcmay\u0259nd\u0259 hey\u0259timizd\u0259 50 \u015firk\u0259t t\u0259msil olunub. \u018flb\u0259tt\u0259 ki, bizim Bak\u0131 Metropoliteni il\u0259 m\u00fcqavil\u0259nin imzalanmas\u0131nda \u00e7ox b\u00f6y\u00fck mara\u011f\u0131m\u0131z var. \u201c\u015eKODA Da\u015f\u0131malar\u201d \u00f6lk\u0259mizin, b\u0259lk\u0259 d\u0259 \u0259n iri iqtisadi \u201cPPF Qrupu\u201dnun bir hiss\u0259sidir. H\u0259min qrup dig\u0259r \u015firk\u0259tl\u0259rl\u0259 yana\u015f\u0131, birg\u0259 m\u00fc\u0259ssis\u0259 qurmaq, Az\u0259rbaycanda istehsalata ba\u015flamaq, elm v\u0259 t\u0259dqiqata s\u0259rmay\u0259 yat\u0131rmaq, universitetl\u0259rinizl\u0259 \u0259m\u0259kda\u015fl\u0131q etm\u0259k v\u0259 t\u0259bii ki, Sizin insanlar\u0131n\u0131zla i\u015fl\u0259m\u0259y\u0259 haz\u0131rd\u0131r. Bilirik ki, qar\u015f\u0131m\u0131zda \u00c7in var, lakin biz \u00e7ox bacar\u0131ql\u0131y\u0131q v\u0259 bunlar tarix\u0259n bizim qan\u0131m\u0131zdad\u0131r. \u00c7exoslovakiya d\u00fcnyada on \u0259n \u00e7ox s\u0259nayel\u0259\u015fmi\u015f \u00f6lk\u0259l\u0259rd\u0259n biri olub v\u0259 m\u0259n \u0259min\u0259m ki, biz bir kapital ola bil\u0259rdik. \u201c\u00c7ekoslova Qrup\u201d burada art\u0131q f\u0259aliyy\u0259t g\u00f6st\u0259rir v\u0259 \u0259lb\u0259tt\u0259 ki, birg\u0259 m\u00fc\u0259ssis\u0259 olaraq biz \u00f6z m\u0259hsullar\u0131m\u0131z\u0131 istehsal edirik.<\/span><\/p>\n<p><span style=\"font-size: 14pt; font-family: arial, helvetica, sans-serif;\">\u201cAero Vodoxod\u0131\u201d \u015firk\u0259ti k\u00f6hn\u0259lmi\u015f \u201cL-39\u201d t\u0259yyar\u0259l\u0259rin\u0259 de-fakto xidm\u0259t g\u00f6st\u0259rir v\u0259 t\u0259mir edir. \u018flb\u0259tt\u0259, biz yeni \u201cL-39NG\u201d t\u0259yyar\u0259sini Siz\u0259 t\u0259qdim edirik v\u0259 onu d\u0259y\u0259rl\u0259ndirs\u0259niz, \u00e7ox \u015fad olard\u0131q. \u201cKolt\u201d \u015firk\u0259ti, s\u00f6z\u00fcn \u0259sl m\u0259nas\u0131nda, m\u00fch\u00fcm beyn\u0259lxalq \u015firk\u0259tdir v\u0259 o, b\u00fct\u00fcn d\u00fcnyaya \u0259la m\u0259hsullar\u0131n\u0131 t\u0259chiz edir v\u0259 \u015fad\u0131q ki, sizin polis v\u0259 dig\u0259r q\u00fcvv\u0259l\u0259r h\u0259min m\u0259hsullar\u0131 art\u0131q tan\u0131y\u0131r.<\/span><\/p>\n<p><span style=\"font-size: 14pt; font-family: arial, helvetica, sans-serif;\">Bir s\u00f6zl\u0259, bu haqda biz bu g\u00fcn biznes-forumda dan\u0131\u015faca\u011f\u0131q. \u018flb\u0259tt\u0259, ba\u015fqa variantlar\u0131m\u0131z da var. Siz burada y\u00fckda\u015f\u0131malar\u0131nda f\u0259al olan \u015firk\u0259tinizi qeyd etdiniz v\u0259 biz onda t\u0259bii ki, maraql\u0131y\u0131q. Bir fakt\u0131 da qeyd etdik. Karlov\u0131 Var\u0131da yeni layih\u0259 haqq\u0131nda dan\u0131\u015fd\u0131q v\u0259 ist\u0259rdik ki, hava liman\u0131 v\u0259 onun u\u00e7u\u015f zola\u011f\u0131 geni\u015fl\u0259nsin. Bel\u0259likl\u0259, bu, \u00c7ex Respublikas\u0131n\u0131n s\u0259rmay\u0259 yat\u0131raca\u011f\u0131m\u0131z yeni strateji \u0259h\u0259miyy\u0259t\u0259 malik hava liman\u0131 ola bil\u0259rdi. N\u0259tic\u0259d\u0259 \u00f6lk\u0259l\u0259rimiz aras\u0131nda turizm\u0259 v\u0259 inki\u015fafa t\u00f6hf\u0259 ola bil\u0259rdi. Bir s\u00f6zl\u0259, bu g\u00fcn bir \u00e7ox m\u0259s\u0259l\u0259l\u0259ri m\u00fczakir\u0259 etdik.<\/span><\/p>\n<p><span style=\"font-size: 14pt; font-family: arial, helvetica, sans-serif;\">B\u00fct\u00fcn bunlardan \u00e7ox m\u0259mnunam. \u00c7ox yax\u015f\u0131 hissl\u0259r ke\u00e7irir\u0259m. S\u00f6hb\u0259timiz x\u00fcsusi oldu v\u0259 t\u0259bii ki, biz, \u00fcmumiyy\u0259tl\u0259, d\u00fcnyadak\u0131 v\u0259ziyy\u0259t haqq\u0131nda dan\u0131\u015fd\u0131q. Lakin bu g\u00fcn buraya iqtisadi m\u00fcnasib\u0259tl\u0259rimizi s\u00fcr\u0259tl\u0259ndirm\u0259y\u0259 v\u0259 intensivl\u0259\u015fdirm\u0259y\u0259 g\u0259lmi\u015fik. H\u0259min layih\u0259l\u0259rin say\u0131 \u00e7oxdur. Biz haz\u0131r\u0131q, s\u00fcr\u0259tli v\u0259 \u00e7evik olaca\u011f\u0131q.<\/span><\/p>\n<p><span style=\"font-size: 14pt; font-family: arial, helvetica, sans-serif;\">Ay\u0131rd\u0131\u011f\u0131n\u0131z vaxta, \u00f6lk\u0259niz\u0259 s\u0259f\u0259r etm\u0259k imkan\u0131na g\u00f6r\u0259 \u00e7ox minn\u0259tdaram. \u018fla q\u0259bula g\u00f6r\u0259 t\u0259\u015f\u0259kk\u00fcr edir\u0259m. B\u00fct\u00fcn bunlar\u0131, h\u0259qiq\u0259t\u0259n y\u00fcks\u0259k d\u0259y\u0259rl\u0259ndirir\u0259m.<\/p>\n<p><img decoding=\"async\" src=\"https:\/\/static.president.az\/upload\/1340x1020\/2026\/04\/27\/1777284512_00ad92c79d2f0d16b7c9efed38c41f20.jpg\" \/><\/p>\n<p><img decoding=\"async\" src=\"https:\/\/static.president.az\/upload\/1340x1020\/2026\/04\/27\/1777284513_b2e019d5af0c63d50fc8e09591059bd0.jpg\" \/><\/p>\n<p><\/span><\/p>\n<p><img decoding=\"async\" src=\"https:\/\/static.president.az\/upload\/1340x1020\/2026\/04\/27\/1777284514_b895244f6b59ba46f2bbacec75938da7.jpg\" \/><\/p>\n<p><img decoding=\"async\" src=\"https:\/\/static.president.az\/upload\/1340x1020\/2026\/04\/27\/1777284515_e9148933fc2ddb2c602d5e8c2a081769.jpg\" \/><\/p>\n<p><img decoding=\"async\" src=\"https:\/\/static.president.az\/upload\/1340x1020\/2026\/04\/27\/1777284517_6d9b7d8e930522fa8c12723799bc142a.jpg\" \/><\/p>\n<p>&nbsp;<\/p>\n<p><img decoding=\"async\" src=\"https:\/\/static.president.az\/upload\/1340x1020\/2026\/04\/27\/1777284518_0ea1bef7c3e77a5f793155304aaeba14.jpg\" \/><\/p>\n<p>&nbsp;<\/p>\n<p><img decoding=\"async\" src=\"https:\/\/static.president.az\/upload\/1340x1020\/2026\/04\/27\/1777284520_0f86e075e4e220efca874826ace17712.jpg\" \/><\/p>\n<p><img decoding=\"async\" src=\"https:\/\/static.president.az\/upload\/1340x1020\/2026\/04\/27\/1777284522_c24052c78b1f99c678f3cf3b76f9a05d.jpg\" \/><\/p>\n<p>&nbsp;<\/p>\n<p><img decoding=\"async\" src=\"https:\/\/static.president.az\/upload\/1340x1020\/2026\/04\/27\/1777284523_6e59a250ee707019c26716d5fc45d4be.jpg\" \/><\/p>\n<p><img decoding=\"async\" src=\"https:\/\/static.president.az\/upload\/1340x1020\/2026\/04\/27\/1777284528_0442310f143cf7aa516789daa0f3f0b6.jpg\" \/><\/p>\n<p>&nbsp;<\/p>\n<p><img decoding=\"async\" src=\"https:\/\/static.president.az\/upload\/1340x1020\/2026\/04\/27\/1777284529_917518b0920fe9dcb78ab41bad1461be.jpg\" \/><\/p>\n<p><img decoding=\"async\" src=\"https:\/\/static.president.az\/upload\/1340x1020\/2026\/04\/27\/1777284529_9b9a9df58c30bef357f02b09249c2f63.jpg\" \/><\/p>\n<p>&nbsp;<\/p>\n<p><img decoding=\"async\" src=\"https:\/\/static.president.az\/upload\/1340x1020\/2026\/04\/27\/1777284530_1042b66304ae09e273805bf47f97f213.jpg\" \/><\/p>\n","protected":false},"excerpt":{"rendered":"<p>D\u00fczg\u00fcn.az x\u0259b\u0259r verir ki, Az\u0259rbaycan Prezidenti \u0130lham \u018fliyev v\u0259 \u00c7ex Respublikas\u0131n\u0131n Ba\u015f naziri Andrey Babi\u015f m\u0259tbuata b\u0259yanatlarla \u00e7\u0131x\u0131\u015f<\/p>\n","protected":false},"author":2,"featured_media":22935,"comment_status":"open","ping_status":"open","sticky":false,"template":"","format":"standard","meta":{"footnotes":""},"categories":[16,1],"tags":[],"class_list":["post-22934","post","type-post","status-publish","format-standard","has-post-thumbnail","hentry","category-siyast","category-esas"],"_links":{"self":[{"href":"https:\/\/duzgun.az\/index.php?rest_route=\/wp\/v2\/posts\/22934","targetHints":{"allow":["GET"]}}],"collection":[{"href":"https:\/\/duzgun.az\/index.php?rest_route=\/wp\/v2\/posts"}],"about":[{"href":"https:\/\/duzgun.az\/index.php?rest_route=\/wp\/v2\/types\/post"}],"author":[{"embeddable":true,"href":"https:\/\/duzgun.az\/index.php?rest_route=\/wp\/v2\/users\/2"}],"replies":[{"embeddable":true,"href":"https:\/\/duzgun.az\/index.php?rest_route=%2Fwp%2Fv2%2Fcomments&post=22934"}],"version-history":[{"count":1,"href":"https:\/\/duzgun.az\/index.php?rest_route=\/wp\/v2\/posts\/22934\/revisions"}],"predecessor-version":[{"id":22936,"href":"https:\/\/duzgun.az\/index.php?rest_route=\/wp\/v2\/posts\/22934\/revisions\/22936"}],"wp:featuredmedia":[{"embeddable":true,"href":"https:\/\/duzgun.az\/index.php?rest_route=\/wp\/v2\/media\/22935"}],"wp:attachment":[{"href":"https:\/\/duzgun.az\/index.php?rest_route=%2Fwp%2Fv2%2Fmedia&parent=22934"}],"wp:term":[{"taxonomy":"category","embeddable":true,"href":"https:\/\/duzgun.az\/index.php?rest_route=%2Fwp%2Fv2%2Fcategories&post=22934"},{"taxonomy":"post_tag","embeddable":true,"href":"https:\/\/duzgun.az\/index.php?rest_route=%2Fwp%2Fv2%2Ftags&post=22934"}],"curies":[{"name":"wp","href":"https:\/\/api.w.org\/{rel}","templated":true}]}}